{"id":70,"date":"2014-01-12T22:24:19","date_gmt":"2014-01-12T21:24:19","guid":{"rendered":"http:\/\/www.bauhalde-schiffmuehle.ch\/?p=70"},"modified":"2024-10-29T08:24:13","modified_gmt":"2024-10-29T07:24:13","slug":"neujahrsapero","status":"publish","type":"post","link":"http:\/\/www.bauhalde-schiffmuehle.ch\/?p=70","title":{"rendered":"Neujahrsap\u00e9ro"},"content":{"rendered":"<p>Bereits 14 Stunden nach dem Einl\u00e4uten ins neue Jahr 2014 traf sich ein Grossteil der Quartierbewohner zum schon traditionellen Neujahrsap\u00e9ro auf dem Gel\u00e4nde von Markus Rinderknecht an der Boden\u00e4cherstrasse 34. Zusammen mit Agnes H\u00e4feli ihres Zeichens Kassierin des Quartiervereins, organisierte Markus diesen sch\u00f6nen Anlass.<br \/><strong>Finnenkerzen und ein brodelnder Kochtopf<\/strong> pr\u00e4gten den ersten Eindruck der ankommenden G\u00e4ste, welche sich sofort heimisch f\u00fchlten und sich mit den dargebotenen Getr\u00e4nken zum neuen Jahr begl\u00fcckw\u00fcnschen konnten.<br \/><strong>Eine echte B\u00fcndner Gerstensuppe<\/strong> zubereitet vom extra angereisten B\u00fcndner Suppenkoch Dani trug das ihre dazu bei, dass sich die G\u00e4ste wohlf\u00fchlten und sich angeregte und warme Gespr\u00e4che entwickelten.<br \/><strong>Das neue Jahr ist angekommen<\/strong> zu dessen Verlauf kann ein jeder von uns wesentliches beitragen. In diesem Sinne w\u00fcnscht der Quartierverein Bauhalde-Schiffm\u00fchle allen ein gutes und gesundes\u00a0 2014 und bedankt sich bei den Organisatoren des sch\u00f6nen Anlasses \u2013 Agnes H\u00e4feli und Markus Rinderknecht <br \/>nochmals recht herzlich.\u00a0 Robert M\u00fcller<\/p>\n<p style=\"text-align: left;\"><img loading=\"lazy\" decoding=\"async\" class=\" size-full wp-image-66\" src=\"http:\/\/www.bauhalde-schiffmuehle.ch\/wp-content\/uploads\/2014\/01\/20140101_Neujahrsapero_001.jpg\" border=\"0\" width=\"600\" height=\"450\" srcset=\"http:\/\/www.bauhalde-schiffmuehle.ch\/wp-content\/uploads\/2014\/01\/20140101_Neujahrsapero_001.jpg 600w, http:\/\/www.bauhalde-schiffmuehle.ch\/wp-content\/uploads\/2014\/01\/20140101_Neujahrsapero_001-300x225.jpg 300w\" sizes=\"auto, (max-width: 600px) 100vw, 600px\" \/><\/p>\n<p style=\"text-align: right;\"><img loading=\"lazy\" decoding=\"async\" class=\" size-full wp-image-67\" src=\"http:\/\/www.bauhalde-schiffmuehle.ch\/wp-content\/uploads\/2014\/01\/20140101_Neujahrsapero_002.jpg\" border=\"0\" width=\"600\" height=\"450\" srcset=\"http:\/\/www.bauhalde-schiffmuehle.ch\/wp-content\/uploads\/2014\/01\/20140101_Neujahrsapero_002.jpg 600w, http:\/\/www.bauhalde-schiffmuehle.ch\/wp-content\/uploads\/2014\/01\/20140101_Neujahrsapero_002-300x225.jpg 300w\" sizes=\"auto, (max-width: 600px) 100vw, 600px\" \/><\/p>\n<p style=\"text-align: left;\"><img loading=\"lazy\" decoding=\"async\" class=\" size-full wp-image-68\" src=\"http:\/\/www.bauhalde-schiffmuehle.ch\/wp-content\/uploads\/2014\/01\/20140101_Neujahrsapero_003.jpg\" border=\"0\" width=\"600\" height=\"450\" srcset=\"http:\/\/www.bauhalde-schiffmuehle.ch\/wp-content\/uploads\/2014\/01\/20140101_Neujahrsapero_003.jpg 600w, http:\/\/www.bauhalde-schiffmuehle.ch\/wp-content\/uploads\/2014\/01\/20140101_Neujahrsapero_003-300x225.jpg 300w\" sizes=\"auto, (max-width: 600px) 100vw, 600px\" \/><\/p>\n<p style=\"text-align: right;\"><img loading=\"lazy\" decoding=\"async\" class=\" size-full wp-image-69\" src=\"http:\/\/www.bauhalde-schiffmuehle.ch\/wp-content\/uploads\/2014\/01\/20140101_Neujahrsapero_004.jpg\" border=\"0\" width=\"600\" height=\"450\" srcset=\"http:\/\/www.bauhalde-schiffmuehle.ch\/wp-content\/uploads\/2014\/01\/20140101_Neujahrsapero_004.jpg 600w, http:\/\/www.bauhalde-schiffmuehle.ch\/wp-content\/uploads\/2014\/01\/20140101_Neujahrsapero_004-300x225.jpg 300w\" sizes=\"auto, (max-width: 600px) 100vw, 600px\" \/><\/p>\n","protected":false},"excerpt":{"rendered":"<p>Bereits 14 Stunden nach dem Einl\u00e4uten ins neue Jahr 2014 traf sich ein Grossteil der Quartierbewohner zum schon traditionellen Neujahrsap\u00e9ro auf dem Gel\u00e4nde von Markus Rinderknecht an der Boden\u00e4cherstrasse 34. Zusammen mit Agnes H\u00e4feli ihres Zeichens Kassierin des Quartiervereins, organisierte &hellip; <a href=\"http:\/\/www.bauhalde-schiffmuehle.ch\/?p=70\">Weiterlesen <span class=\"meta-nav\">&rarr;<\/span><\/a><\/p>\n","protected":false},"author":2,"featured_media":66,"comment_status":"closed","ping_status":"open","sticky":false,"template":"","format":"standard","meta":{"footnotes":""},"categories":[13],"tags":[],"class_list":["post-70","post","type-post","status-publish","format-standard","has-post-thumbnail","hentry","category-news-quartierverein"],"_links":{"self":[{"href":"http:\/\/www.bauhalde-schiffmuehle.ch\/index.php?rest_route=\/wp\/v2\/posts\/70","targetHints":{"allow":["GET"]}}],"collection":[{"href":"http:\/\/www.bauhalde-schiffmuehle.ch\/index.php?rest_route=\/wp\/v2\/posts"}],"about":[{"href":"http:\/\/www.bauhalde-schiffmuehle.ch\/index.php?rest_route=\/wp\/v2\/types\/post"}],"author":[{"embeddable":true,"href":"http:\/\/www.bauhalde-schiffmuehle.ch\/index.php?rest_route=\/wp\/v2\/users\/2"}],"replies":[{"embeddable":true,"href":"http:\/\/www.bauhalde-schiffmuehle.ch\/index.php?rest_route=%2Fwp%2Fv2%2Fcomments&post=70"}],"version-history":[{"count":1,"href":"http:\/\/www.bauhalde-schiffmuehle.ch\/index.php?rest_route=\/wp\/v2\/posts\/70\/revisions"}],"predecessor-version":[{"id":685,"href":"http:\/\/www.bauhalde-schiffmuehle.ch\/index.php?rest_route=\/wp\/v2\/posts\/70\/revisions\/685"}],"wp:featuredmedia":[{"embeddable":true,"href":"http:\/\/www.bauhalde-schiffmuehle.ch\/index.php?rest_route=\/wp\/v2\/media\/66"}],"wp:attachment":[{"href":"http:\/\/www.bauhalde-schiffmuehle.ch\/index.php?rest_route=%2Fwp%2Fv2%2Fmedia&parent=70"}],"wp:term":[{"taxonomy":"category","embeddable":true,"href":"http:\/\/www.bauhalde-schiffmuehle.ch\/index.php?rest_route=%2Fwp%2Fv2%2Fcategories&post=70"},{"taxonomy":"post_tag","embeddable":true,"href":"http:\/\/www.bauhalde-schiffmuehle.ch\/index.php?rest_route=%2Fwp%2Fv2%2Ftags&post=70"}],"curies":[{"name":"wp","href":"https:\/\/api.w.org\/{rel}","templated":true}]}}